{"id":349,"date":"2024-09-19T15:53:24","date_gmt":"2024-09-19T15:53:24","guid":{"rendered":"https:\/\/greenflyn.com\/?p=349"},"modified":"2024-09-23T17:53:40","modified_gmt":"2024-09-23T17:53:40","slug":"como-se-destacar-feira-de-empregos","status":"publish","type":"post","link":"https:\/\/greenflyn.com\/es\/como-se-destacar-feira-de-empregos\/","title":{"rendered":"C\u00f3mo destacarse en una feria de empleo: estrategias para aprovecharla al m\u00e1ximo"},"content":{"rendered":"<!--advertisement--><div class=\"mx-5 sm:mx-0 sm:text-3xl text-2xl font-medium title-font mb-4 text-gray-900 text-left\">\n<h1 class=\"wp-block-heading\">Aumenta tus posibilidades de \u00e9xito<\/h1>\n<\/div><!--image--><div class=\"px-5 sm:px-0 sm:w-[800px] sm:ml-[50%] sm:-translate-x-2\/4 rounded-lg overflow-hidden mb-5 text-center\">\n<figure class=\"wp-block-image size-large\"><img decoding=\"async\" width=\"1024\" height=\"576\" loading=\"lazy\" src=\"https:\/\/greenflyn.com\/wp-content\/uploads\/sites\/46\/2024\/09\/Blurred-Business-People-at-a-Trade-Fair-1024x576.png\" alt=\"\" class=\"w-full object-cover object-center border mx-auto wp-image-375\" srcset=\"https:\/\/greenflyn.com\/wp-content\/uploads\/sites\/46\/2024\/09\/Blurred-Business-People-at-a-Trade-Fair-1024x576.png 1024w, https:\/\/greenflyn.com\/wp-content\/uploads\/sites\/46\/2024\/09\/Blurred-Business-People-at-a-Trade-Fair-300x169.png 300w, https:\/\/greenflyn.com\/wp-content\/uploads\/sites\/46\/2024\/09\/Blurred-Business-People-at-a-Trade-Fair-768x432.png 768w, https:\/\/greenflyn.com\/wp-content\/uploads\/sites\/46\/2024\/09\/Blurred-Business-People-at-a-Trade-Fair-18x10.png 18w, https:\/\/greenflyn.com\/wp-content\/uploads\/sites\/46\/2024\/09\/Blurred-Business-People-at-a-Trade-Fair.png 1200w\" sizes=\"(max-width: 1024px) 100vw, 1024px\" \/><figcaption class=\"mt-5 text-xs text-center border-b pb-4\">C\u00f3mo destacarse en una feria de empleo. Fuente: Canva Pro<\/figcaption><\/figure>\n<\/div><!--image--><div class=\"mx-5 sm:mx-0 prose leading-relaxed text-lg mb-5 text-left wp-paragraph\">\n<p>Asistir a una feria de empleo puede ser una valiosa oportunidad para impulsar tu carrera y descubrir nuevas posibilidades.<\/p>\n<\/div><div class=\"mx-5 sm:mx-0 prose leading-relaxed text-lg mb-5 text-left wp-paragraph\">\n<p>Sin embargo, para destacar y aprovechar al m\u00e1ximo estos eventos se requiere una planificaci\u00f3n cuidadosa y estrategias efectivas.<\/p>\n<\/div><div class=\"mx-5 sm:mx-0 prose leading-relaxed text-lg mb-5 text-left wp-paragraph\">\n<p>Esta gu\u00eda ofrece t\u00e1cticas efectivas para destacar y maximizar sus oportunidades de \u00e9xito en una feria de empleo.<\/p>\n<\/div><!--advertisement--><div class=\"mx-5 sm:mx-0 sm:text-3xl text-2xl font-medium title-font mb-4 text-gray-900 text-left\">\n<h2 class=\"wp-block-heading\">Preparaci\u00f3n antes de la feria<\/h2>\n<\/div><div class=\"mx-5 sm:mx-0 prose leading-relaxed text-lg mb-5 text-left wp-paragraph\">\n<p>La preparaci\u00f3n es la base esencial para garantizar que su participaci\u00f3n en una feria de empleo sea exitosa.<\/p>\n<\/div><div class=\"mx-5 sm:mx-0 prose leading-relaxed text-lg mb-5 text-left wp-paragraph\">\n<p>Esta etapa inicial no s\u00f3lo implica investigar las empresas participantes, sino tambi\u00e9n actualizar su curr\u00edculum y crear una propuesta personal impactante.<\/p>\n<\/div><div class=\"mx-5 sm:mx-0 prose leading-relaxed text-lg mb-5 text-left wp-paragraph\">\n<p>Con una planificaci\u00f3n cuidadosa, estar\u00e1 preparado para causar una impresi\u00f3n memorable y maximizar sus posibilidades de \u00e9xito. Exploremos las principales estrategias para prepararse adecuadamente antes del gran d\u00eda.<\/p>\n<\/div><!--advertisement--><div class=\"mx-5 sm:mx-0 sm:text-3xl text-2xl font-medium title-font mb-4 text-gray-900 text-left\">\n<h3 class=\"wp-block-heading\">Investigaci\u00f3n sobre empresas participantes<\/h3>\n<\/div><div class=\"mx-5 sm:mx-0 prose leading-relaxed text-lg mb-5 text-left wp-paragraph\">\n<p>Antes de asistir a la feria de empleo, haz una lista de las empresas que asistir\u00e1n. Investigue sobre ellos para comprender su sector, cultura y oportunidades profesionales.<\/p>\n<\/div><div class=\"mx-5 sm:mx-0 prose leading-relaxed text-lg mb-5 text-left wp-paragraph\">\n<p>Visita sus sitios web, lee las \u00faltimas novedades y consulta qu\u00e9 puestos est\u00e1n abiertos.<\/p>\n<\/div><div class=\"mx-5 sm:mx-0 prose leading-relaxed text-lg mb-5 text-left wp-paragraph\">\n<p>Este conocimiento previo le permitir\u00e1 adoptar un enfoque m\u00e1s espec\u00edfico y mostrar un inter\u00e9s genuino durante sus conversaciones.<\/p>\n<\/div><!--advertisement--><div class=\"mx-5 sm:mx-0 sm:text-3xl text-2xl font-medium title-font mb-4 text-gray-900 text-left\">\n<h3 class=\"wp-block-heading\">Actualizaci\u00f3n del plan de estudios y materiales<\/h3>\n<\/div><div class=\"mx-5 sm:mx-0 prose leading-relaxed text-lg mb-5 text-left wp-paragraph\">\n<p>Aseg\u00farese de que su curr\u00edculum est\u00e9 actualizado y adaptado al campo de actividad deseado.<\/p>\n<\/div><div class=\"mx-5 sm:mx-0 prose leading-relaxed text-lg mb-5 text-left wp-paragraph\">\n<p>Incluya sus experiencias m\u00e1s recientes y ajuste el contenido para resaltar las habilidades relevantes para los trabajos que est\u00e1 buscando.<\/p>\n<\/div><div class=\"mx-5 sm:mx-0 prose leading-relaxed text-lg mb-5 text-left wp-paragraph\">\n<p>Adem\u00e1s de tu curr\u00edculum, prepara tambi\u00e9n un portafolio o presentaci\u00f3n de trabajo, si corresponde, para demostrar tus habilidades y logros.<\/p>\n<\/div><!--advertisement--><div class=\"mx-5 sm:mx-0 sm:text-3xl text-2xl font-medium title-font mb-4 text-gray-900 text-left\">\n<h3 class=\"wp-block-heading\">Preparar una presentaci\u00f3n personal<\/h3>\n<\/div><div class=\"mx-5 sm:mx-0 prose leading-relaxed text-lg mb-5 text-left wp-paragraph\">\n<p>Desarrolle una presentaci\u00f3n personal de 30 a 60 segundos que resuma sus habilidades, experiencias y objetivos profesionales clave.<\/p>\n<\/div><div class=\"mx-5 sm:mx-0 prose leading-relaxed text-lg mb-5 text-left wp-paragraph\">\n<p>Este discurso debe ser claro e impactante y resaltar lo que puede ofrecer a los empleadores. Pract\u00edcalo hasta que te sientas c\u00f3modo present\u00e1ndolo con naturalidad y confianza.<\/p>\n<\/div><!--advertisement--><div class=\"mx-5 sm:mx-0 sm:text-3xl text-2xl font-medium title-font mb-4 text-gray-900 text-left\">\n<h2 class=\"wp-block-heading\">Durante la feria de empleo<\/h2>\n<\/div><div class=\"mx-5 sm:mx-0 prose leading-relaxed text-lg mb-5 text-left wp-paragraph\">\n<p>Durante la feria de empleo llega el momento de poner en pr\u00e1ctica toda la preparaci\u00f3n que has realizado. Aqu\u00ed se pondr\u00e1 a prueba tu capacidad para destacar y conectar con los reclutadores.<\/p>\n<\/div><div class=\"mx-5 sm:mx-0 prose leading-relaxed text-lg mb-5 text-left wp-paragraph\">\n<p>Aproveche al m\u00e1ximo este tiempo para presentarse de manera efectiva, interactuar de manera significativa y construir relaciones valiosas.<\/p>\n<\/div><div class=\"mx-5 sm:mx-0 prose leading-relaxed text-lg mb-5 text-left wp-paragraph\">\n<p>Este es el momento de demostrar su inter\u00e9s genuino, hacer preguntas relevantes y recopilar contactos que puedan abrir puertas a oportunidades futuras.<\/p>\n<\/div><div class=\"mx-5 sm:mx-0 prose leading-relaxed text-lg mb-5 text-left wp-paragraph\">\n<p>Veamos c\u00f3mo puede marcar la diferencia durante el evento y maximizar su impacto:<\/p>\n<\/div><div class=\"wp-block-lazyblock-cta lazyblock-cta-28V38z\">\n  <section class=\"cta mx-5 sm:mx-0 text-gray-600 body-font my-10 border-gray-200 border-b border-l border-r sm:border-0\">\n    <div class=\"h-1 bg-gray-200 rounded overflow-hidden\">\n      <div class=\"w-24 h-full\"><\/div>\n    <\/div>\n    <div class=\"container px-5 pt-6 pb-6 mx-auto flex flex-wrap\" data-anchor-target=\"lazyBlock\">    \n    \n              <a class=\"flex flex-wrap content-center w-full mb-4 md:hidden\" href=\"https:\/\/greenflyn.com\/es\/como-usar-linkedin-para-encontrar-emprego\/\"  data-analytics-label=\"ctaImage\" data-action=\"analytics#trackCTA\" aria-label=\"C\u00f3mo utilizar LinkedIn para encontrar trabajos de empleados\">\n          <div class=\"m-auto float-none\">\n            <img decoding=\"async\" loading=\"lazy\" src=\"https:\/\/greenflyn.com\/wp-content\/uploads\/sites\/46\/2024\/08\/linkedin-emprego-capa.png\" alt=\"\">\n          <\/div>\n        <\/a>\n            <h2 class=\"w-full sm:text-3xl text-2xl text-gray-900 font-medium title-font mb-2 text-center md:text-left md:w-2\/5\">\n        <a href=\"https:\/\/greenflyn.com\/es\/como-usar-linkedin-para-encontrar-emprego\/\" data-analytics-label=\"ctaTitle\" data-action=\"analytics#trackCTA\" aria-label=\"C\u00f3mo utilizar LinkedIn para encontrar trabajos de empleados\">\n            C\u00f3mo utilizar LinkedIn para encontrar trabajos de empleados        <\/a>\n      <\/h2>\n      <div class=\"w-full md:w-3\/5 md:pl-6\">\n        <p class=\"text-center md:text-left leading-relaxed text-base\">\n            \u00a1Usa LinkedIn a tu favor! Aprende c\u00f3mo optimizar tu perfil y utilizar las herramientas de la plataforma para conseguir el trabajo ideal.        <\/p>\n        <div class=\"flex mt-6 w-full flex-1 justify-center ml-auto md:mt-4 md:justify-start\" style=\"font-weight: bold;\">\n          <a class=\"inline-flex items-center\" href=\"https:\/\/greenflyn.com\/es\/como-usar-linkedin-para-encontrar-emprego\/\"  data-analytics-label=\"ctaButton\" data-action=\"analytics#trackCTA\" >\n            Continuar leyendo            <svg fill=\"none\" stroke=\"currentColor\" stroke-linecap=\"round\" stroke-linejoin=\"round\" stroke-width=\"2\" class=\"w-4 h-4 ml-2\" viewbox=\"0 0 24 24\">\n              <path d=\"M5 12h14M12 5l7 7-7 7\"><\/path>\n            <\/svg>\n          <\/a>\n        <\/div>\n      <\/div>  \n          \n    <\/div>\n      <script type=\"module\"> function waitFor(conditionFunction) { const poll = resolve => { if(conditionFunction()) resolve(); else setTimeout(_ => poll(resolve), 400); }; return new Promise(poll); } import { Application, Controller } from \"\/wp-content\/themes\/twentytwentyone\/assets\/js\/stimulus.min.js\"; let Stimulus = Application.start(); Stimulus.register(\"anchor\", class extends Controller { static get targets() { return [ \"lazyBlock\", \"lazyBlockAnchor\" ]; } initialize() { this.active = false; this.passed = false; this.closed = false; this.anchorViews = 0; this.boundOnShowAnchor = this.onShowAnchor.bind(this); window.anchorReady = window.anchorReady || false; waitFor(_ => (window.scrollY > this.getHeightBlock() && !this.active)) .then(_ => { !window.anchorReady? this.visible() : ''; window.anchorReady = true; }); if (document.getElementById('landing')) { setTimeout(() => { !window.anchorReady ? this.visible() : ''; window.anchorReady = true; }, 1 * 30000); }; } connect() { this.onShowAnchor(); document.addEventListener(\"scroll\", this.boundOnShowAnchor); } disconnect() { document.removeEventListener(\"scroll\", this.boundOnShowAnchor); } visible() { if (document.getElementById('av-offerwall__wrapper')) { setTimeout(() => this.visible(), 20000); return; } if (document.getElementById('av-fixed__bottomWrapper') && document.getElementById('av-fixed__bottomWrapper').style.display !== 'none' && document.getElementById('av-fixed__bottomWrapper').getBoundingClientRect().height > 100) { setTimeout(() => this.visible(), 1000); return; } if (document.getElementById('av-fixed__bottomWrapper') && document.getElementById('av-fixed__bottomWrapper').style.display !== 'none' && document.getElementById('av-fixed__bottomWrapper').getBoundingClientRect().height > 10) { this.getAnchorElement().style.marginBottom = '60px'; } if (document.querySelector('[data-anchor-shown=\"true\"]') && document.querySelector('[data-anchor-shown=\"true\"]').style.bottom === '0px') { setTimeout(() => this.visible(), 1000); return; } if (!window.km2AnchorReady) { this.active = true; \/*this.getAnchorElement().style.animation = \"none\"; this.getAnchorElement().classList.remove('animate-show-down');*\/ \/*this.getAnchorElement().classList.add('animate-show-up');*\/ \/*setTimeout(() => {*\/ \/*this.getAnchorElement().style.animation = \"\";*\/ this.getAnchorElement().classList.add('animate-show-up'); this.getAnchorElement().classList.remove('hidden'); this.setAnchorViews(this.anchorViews+1); setTimeout(() => this.closeAnchor(), 20000); waitFor(_ => (document.getElementById('av-fixed__bottomWrapper') && document.getElementById('av-fixed__bottomWrapper').style.display !== 'none' && document.getElementById('av-fixed__bottomWrapper').getBoundingClientRect().height > 10 && this.getAnchorElement().style.marginBottom !== '60px')) .then(_ => { this.closeAnchor(); }); this.active = false; \/*}, 10);*\/ } } invisible() { this.active = true; this.getAnchorElement().style.animation = \"none\"; this.getAnchorElement().classList.remove('animate-show-up'); this.getAnchorElement().classList.add('animate-show-down'); setTimeout(() => { this.getAnchorElement().style.animation = \"\"; setTimeout(() => { this.getAnchorElement().classList.add('hidden'); this.active = false; }, 800); }, 10); } onShowAnchor() { let anchorReady = false;  \/*if (!this.active && !anchorReady) { if (this.getAnchorViews() <= 3) { if (window.scrollY > this.getHeightBlock()) { if (!this.passed && !this.closed) { this.visible(); this.passed = true; } } else { if (this.passed) { this.invisible(); this.passed = false; } } } else { if (!this.getAnchorElement().classList.contains('close')) { this.getAnchorElement().classList.add('close'); if (window.scrollY < this.getHeightBlock()) { this.invisible(); } } } }*\/ } closeAnchor() { if (this.closed) return; this.invisible(); this.getAnchorElement().classList.add('close'); this.closed = true; } getAnchorElement() { return this.lazyBlockAnchorTargets[0]; } getAnchorViews() { this.anchorViews = parseInt(sessionStorage.getItem(\"anchorViews\")) >= 1 ? parseInt(sessionStorage.getItem(\"anchorViews\")) : 0; return this.anchorViews; } setAnchorViews(views) { sessionStorage.setItem(\"anchorViews\", views); } getHeightBlock() { return this.lazyBlockTarget.offsetTop + this.lazyBlockTarget.offsetHeight - 110; } }) <\/script>  <div data-anchor-target=\"lazyBlockAnchor\" class=\"fixed w-full sm:w-96 px-3 py-2 bottom-0 left-0 hidden\" style=\"z-index: 999999;\" name=\"lazyBlockAnchor\">\n    <div class=\"grid justify-items-stretch\">        \n              <div class=\"relative justify-self-end top-4 -right-2\">\n          <button data-no-translation class=\"bg-white text-md font-medium text-center rounded-full h-7 w-7 border-2\" data-analytics-label=\"anchorCloseAnchor\" data-action=\"anchor#closeAnchor\" style=\"z-index: 999999;\">\n            X\n          <\/button>\n        <\/div>\n        <div class=\"justify-self-auto flex flex-col h-32 bg-white border-solid border-2 shadow-md rounded-md\">\n          <div class=\"flex my-0 h-full\">\n            <div class=\"w-2\/5 p-1 ml-2 mt-2 w-full\">\n              <a href=\"https:\/\/greenflyn.com\/es\/como-usar-linkedin-para-encontrar-emprego\/\"  data-analytics-label=\"anchorImage\" data-action=\"analytics#trackCTA\">          \n                <img decoding=\"async\" loading=\"lazy\" alt=\"card\" class=\"w-full object-cover h-24 object-center rounded justify-self-auto border-2 border-gray-100\" src=\"https:\/\/greenflyn.com\/wp-content\/uploads\/sites\/46\/2024\/08\/linkedin-emprego-capa.png\">          \n              <\/a>\n            <\/div>\n            <div class=\"w-3\/5 my-2\">\n              <p class=\"px-4 text-center text-xs h-1\/2\">\n                C\u00f3mo utilizar LinkedIn para encontrar trabajos de empleados              <\/p>\n              <a href=\"https:\/\/greenflyn.com\/es\/como-usar-linkedin-para-encontrar-emprego\/\"  data-analytics-label=\"anchorButton\" data-action=\"analytics#trackCTA\" >\n                <button class=\"flex w-5\/6 m-auto mt-2 border-0 py-1 px-3 focus:outline-none rounded\">                \n                  <p class=\"text-center w-full\" style=\"font-size: 0.67rem;\">\n                    Continuar leyendo                  <\/p>\n                <\/button>\n              <\/a>\n              <p class=\"text-gray-500 text-center mt-1\" style=\"font-size: 0.50rem;\">\n                Seguir\u00e1s en el mismo lugar              <\/p>\n            <\/div>\n          <\/div>\n        <\/div>\n          <\/div>\n  <\/div>\n  <\/section>\n\n<\/div><!--advertisement--><div class=\"mx-5 sm:mx-0 sm:text-3xl text-2xl font-medium title-font mb-4 text-gray-900 text-left\">\n<h3 class=\"wp-block-heading\">Enfoque y networking<\/h3>\n<\/div><div class=\"mx-5 sm:mx-0 prose leading-relaxed text-lg mb-5 text-left wp-paragraph\">\n<p>Cuando llegues a la feria, ac\u00e9rcate a los stands con una actitud positiva y segura. Inicie la conversaci\u00f3n con un saludo cort\u00e9s y pres\u00e9ntese claramente.<\/p>\n<\/div><div class=\"mx-5 sm:mx-0 prose leading-relaxed text-lg mb-5 text-left wp-paragraph\">\n<p>Utilice el discurso personal que prepar\u00f3 para iniciar el di\u00e1logo y despertar el inter\u00e9s de los reclutadores. Mostrar entusiasmo y un inter\u00e9s genuino en las oportunidades que las empresas tienen para ofrecer.<\/p>\n<\/div><!--advertisement--><div class=\"mx-5 sm:mx-0 sm:text-3xl text-2xl font-medium title-font mb-4 text-gray-900 text-left\">\n<h3 class=\"wp-block-heading\">Preguntas relevantes<\/h3>\n<\/div><div class=\"mx-5 sm:mx-0 prose leading-relaxed text-lg mb-5 text-left wp-paragraph\">\n<p>Cree una lista de preguntas interesantes para hacer a los reclutadores. Estas preguntas deben demostrar su inter\u00e9s en la empresa y el puesto, y pueden incluir temas sobre la cultura organizacional, los desaf\u00edos del puesto y las oportunidades de crecimiento.<\/p>\n<\/div><div class=\"mx-5 sm:mx-0 prose leading-relaxed text-lg mb-5 text-left wp-paragraph\">\n<p>Evite preguntas que puedan responderse con una simple b\u00fasqueda en el sitio web de la empresa.<\/p>\n<\/div><!--advertisement--><div class=\"mx-5 sm:mx-0 sm:text-3xl text-2xl font-medium title-font mb-4 text-gray-900 text-left\">\n<h3 class=\"wp-block-heading\">Colecci\u00f3n de Tarjetas de Visita y Contactos<\/h3>\n<\/div><div class=\"mx-5 sm:mx-0 prose leading-relaxed text-lg mb-5 text-left wp-paragraph\">\n<p>Intercambie tarjetas de presentaci\u00f3n o informaci\u00f3n de contacto con reclutadores y otros profesionales presentes. Aseg\u00farese de anotar los detalles de cada interacci\u00f3n para poder recordar cada conversaci\u00f3n m\u00e1s adelante.<\/p>\n<\/div><div class=\"mx-5 sm:mx-0 prose leading-relaxed text-lg mb-5 text-left wp-paragraph\">\n<p>Mantenga sus contactos organizados y util\u00edcelos para dar seguimiento con un mensaje de agradecimiento despu\u00e9s del evento.<\/p>\n<\/div><!--advertisement--><div class=\"mx-5 sm:mx-0 sm:text-3xl text-2xl font-medium title-font mb-4 text-gray-900 text-left\">\n<h2 class=\"wp-block-heading\">Post-Feria<\/h2>\n<\/div><div class=\"mx-5 sm:mx-0 prose leading-relaxed text-lg mb-5 text-left wp-paragraph\">\n<p>Una vez finalizada la feria de empleo, el trabajo no termina. Esta fase es crucial para consolidar las conexiones realizadas y garantizar que su presencia en el evento sea recordada de manera positiva.<\/p>\n<\/div><div class=\"mx-5 sm:mx-0 prose leading-relaxed text-lg mb-5 text-left wp-paragraph\">\n<p>Realizar un seguimiento efectivo y reflexionar sobre tu experiencia puede marcar la diferencia en tu b\u00fasqueda de una oportunidad.<\/p>\n<\/div><div class=\"mx-5 sm:mx-0 prose leading-relaxed text-lg mb-5 text-left wp-paragraph\">\n<p>Este es el momento de reforzar el contacto, mostrar tu agradecimiento y evaluar qu\u00e9 funcion\u00f3 bien y qu\u00e9 se puede mejorar para futuros eventos.<\/p>\n<\/div><div class=\"mx-5 sm:mx-0 prose leading-relaxed text-lg mb-5 text-left wp-paragraph\">\n<p>A continuaci\u00f3n, analizaremos c\u00f3mo puede gestionar estos pasos esenciales para convertir sus interacciones en oportunidades concretas:<\/p>\n<\/div><!--advertisement--><div class=\"mx-5 sm:mx-0 sm:text-3xl text-2xl font-medium title-font mb-4 text-gray-900 text-left\">\n<h3 class=\"wp-block-heading\">Hacer un seguimiento<\/h3>\n<\/div><div class=\"mx-5 sm:mx-0 prose leading-relaxed text-lg mb-5 text-left wp-paragraph\">\n<p>Despu\u00e9s de la feria, comun\u00edquese con los reclutadores y profesionales con los que habl\u00f3. Env\u00eda un correo electr\u00f3nico de agradecimiento, mencionando algo espec\u00edfico sobre la conversaci\u00f3n que tuviste.<\/p>\n<\/div><div class=\"mx-5 sm:mx-0 prose leading-relaxed text-lg mb-5 text-left wp-paragraph\">\n<p>Esto no s\u00f3lo expresa su gratitud, sino que tambi\u00e9n fortalece su recuerdo e inter\u00e9s en el puesto.<\/p>\n<\/div><!--advertisement--><div class=\"mx-5 sm:mx-0 sm:text-3xl text-2xl font-medium title-font mb-4 text-gray-900 text-left\">\n<h3 class=\"wp-block-heading\">Revisi\u00f3n y reflexi\u00f3n<\/h3>\n<\/div><div class=\"mx-5 sm:mx-0 prose leading-relaxed text-lg mb-5 text-left wp-paragraph\">\n<p>Reflexiona sobre la feria y revisa las notas que tomaste. Eval\u00fae qu\u00e9 enfoques funcionaron bien y cu\u00e1les podr\u00edan mejorarse para futuras oportunidades.<\/p>\n<\/div><div class=\"mx-5 sm:mx-0 prose leading-relaxed text-lg mb-5 text-left wp-paragraph\">\n<p>Este an\u00e1lisis te ayudar\u00e1 a ajustar tus estrategias y mejorar tu desempe\u00f1o en eventos similares.<\/p>\n<\/div><!--advertisement--><div class=\"mx-5 sm:mx-0 sm:text-3xl text-2xl font-medium title-font mb-4 text-gray-900 text-left\">\n<h2 class=\"wp-block-heading\">Consejos adicionales para maximizar su impacto<\/h2>\n<\/div><div class=\"mx-5 sm:mx-0 prose leading-relaxed text-lg mb-5 text-left wp-paragraph\">\n<p>Para destacar realmente en una feria de empleo, es importante ir m\u00e1s all\u00e1 de lo b\u00e1sico y adoptar estrategias adicionales que puedan amplificar su impacto.<\/p>\n<\/div><div class=\"mx-5 sm:mx-0 prose leading-relaxed text-lg mb-5 text-left wp-paragraph\">\n<p>Estos consejos adicionales le ayudar\u00e1n a mejorar su presencia y eficacia durante el evento, asegurando que aproveche al m\u00e1ximo cada interacci\u00f3n y oportunidad.<\/p>\n<\/div><div class=\"mx-5 sm:mx-0 prose leading-relaxed text-lg mb-5 text-left wp-paragraph\">\n<p>A continuaci\u00f3n se presentan algunas estrategias que pueden ayudarlo a aumentar su participaci\u00f3n y dejar una impresi\u00f3n duradera en los reclutadores y profesionales que conozca.<\/p>\n<\/div><!--advertisement--><div class=\"mx-5 sm:mx-0 sm:text-3xl text-2xl font-medium title-font mb-4 text-gray-900 text-left\">\n<h3 class=\"wp-block-heading\">Apariencia y profesionalismo<\/h3>\n<\/div><div class=\"mx-5 sm:mx-0 prose leading-relaxed text-lg mb-5 text-left wp-paragraph\">\n<p>V\u00edstete profesional y apropiadamente para el tipo de evento y empresas participantes.<\/p>\n<\/div><div class=\"mx-5 sm:mx-0 prose leading-relaxed text-lg mb-5 text-left wp-paragraph\">\n<p>Las primeras impresiones cuentan y una apariencia adecuada y bien cuidada puede ayudar a transmitir una imagen positiva y profesional.<\/p>\n<\/div><!--advertisement--><div class=\"mx-5 sm:mx-0 sm:text-3xl text-2xl font-medium title-font mb-4 text-gray-900 text-left\">\n<h3 class=\"wp-block-heading\">Participaci\u00f3n en conferencias y actividades<\/h3>\n<\/div><div class=\"mx-5 sm:mx-0 prose leading-relaxed text-lg mb-5 text-left wp-paragraph\">\n<p>Participar en charlas, talleres o actividades ofrecidas durante la feria. Estas oportunidades adicionales pueden proporcionar informaci\u00f3n valiosa sobre la industria y aumentar su visibilidad entre los reclutadores.<\/p>\n<\/div><!--advertisement--><div class=\"mx-5 sm:mx-0 sm:text-3xl text-2xl font-medium title-font mb-4 text-gray-900 text-left\">\n<h3 class=\"wp-block-heading\">Pr\u00e1ctica de habilidades comunicativas<\/h3>\n<\/div><div class=\"mx-5 sm:mx-0 prose leading-relaxed text-lg mb-5 text-left wp-paragraph\">\n<p>Aprovecha la feria para practicar tus habilidades de comunicaci\u00f3n y networking. Interactuar con diversos profesionales puede mejorar su capacidad para comunicarse de manera efectiva y crear conexiones significativas.<\/p>\n<\/div><!--advertisement--><div class=\"mx-5 sm:mx-0 sm:text-3xl text-2xl font-medium title-font mb-4 text-gray-900 text-left\">\n<h2 class=\"wp-block-heading\">Lista de verificaci\u00f3n para la feria de empleo<\/h2>\n<\/div><div class=\"mx-5 sm:mx-0 prose leading-relaxed text-lg mb-5 text-left wp-paragraph\">\n<p>Para asegurarse de estar completamente preparado para una feria de empleo y maximizar sus oportunidades, utilice la siguiente lista de verificaci\u00f3n.<\/p>\n<\/div><div class=\"mx-5 sm:mx-0 prose leading-relaxed text-lg mb-5 text-left wp-paragraph\">\n<p>Esta gu\u00eda pr\u00e1ctica le ayudar\u00e1 a garantizar que no omita nada y que est\u00e9 listo para destacar y aprovechar al m\u00e1ximo el evento.<\/p>\n<\/div><div class=\"prose text-left mb-5 w-[17rem] sm:w-full flex overflow-auto m-auto\">\n<figure class=\"wp-block-table\"><table><thead><tr><th><strong>Tarea<\/strong><\/th><th><strong>Descripci\u00f3n<\/strong><\/th><\/tr><\/thead><tbody><tr><td><strong>Investigaci\u00f3n de la empresa<\/strong><\/td><td>Descubra las empresas participantes y sus oportunidades<\/td><\/tr><tr><td><strong>actualizaci\u00f3n de CV<\/strong><\/td><td>Revisar y ajustar su curr\u00edculum y materiales de apoyo.<\/td><\/tr><tr><td><strong>Desarrollo de tono<\/strong><\/td><td>Crea y practica un discurso personal.<\/td><\/tr><tr><td><strong>Acercamiento y networking<\/strong><\/td><td>Interactuar con reclutadores y red.<\/td><\/tr><tr><td><strong>Preguntas relevantes<\/strong><\/td><td>Preparar preguntas para los reclutadores.<\/td><\/tr><tr><td><strong>Colecci\u00f3n de contactos<\/strong><\/td><td>Intercambia tarjetas y recopila informaci\u00f3n de contacto.<\/td><\/tr><tr><td><strong>Hacer un seguimiento<\/strong><\/td><td>Enviar correos electr\u00f3nicos de agradecimiento y dar seguimiento a los contactos.<\/td><\/tr><tr><td><strong>Reflexi\u00f3n y revisi\u00f3n<\/strong><\/td><td>Eval\u00faa el evento y ajusta tus estrategias<\/td><\/tr><\/tbody><\/table><\/figure>\n<\/div><!--advertisement--><div class=\"mx-5 sm:mx-0 sm:text-3xl text-2xl font-medium title-font mb-4 text-gray-900 text-left\">\n<h2 class=\"wp-block-heading\">Conclusi\u00f3n<\/h2>\n<\/div><div class=\"mx-5 sm:mx-0 prose leading-relaxed text-lg mb-5 text-left wp-paragraph\">\n<p>Destacar en una feria de empleo requiere algo m\u00e1s que presentarse; Se requiere una planificaci\u00f3n cuidadosa y un enfoque estrat\u00e9gico.<\/p>\n<\/div><div class=\"mx-5 sm:mx-0 prose leading-relaxed text-lg mb-5 text-left wp-paragraph\">\n<p>Al preparar su CV, desarrollar un discurso personal impactante, establecer contactos de manera efectiva y realizar un seguimiento adecuado, aumentar\u00e1 sus posibilidades de aprovechar al m\u00e1ximo las oportunidades que ofrece el evento.<\/p>\n<\/div><div class=\"mx-5 sm:mx-0 prose leading-relaxed text-lg mb-5 text-left wp-paragraph\">\n<p>Tenga en cuenta que el \u00e9xito en una feria de empleo proviene de una combinaci\u00f3n de buena preparaci\u00f3n, comportamiento profesional y habilidades de comunicaci\u00f3n efectiva.<\/p>\n<\/div><div class=\"mx-5 sm:mx-0 prose leading-relaxed text-lg mb-5 text-left wp-paragraph\">\n<p>Utilice las estrategias analizadas para destacar y abrir puertas a nuevas posibilidades en su carrera.<\/p>\n<\/div><div class=\"wp-block-lazyblock-cta lazyblock-cta-wOyfy\">\n  <section class=\"cta mx-5 sm:mx-0 text-gray-600 body-font my-10 border-gray-200 border-b border-l border-r sm:border-0\">\n    <div class=\"h-1 bg-gray-200 rounded overflow-hidden\">\n      <div class=\"w-24 h-full\"><\/div>\n    <\/div>\n    <div class=\"container px-5 pt-6 pb-6 mx-auto flex flex-wrap\" data-anchor-target=\"lazyBlock\">    \n    \n              <a class=\"flex flex-wrap content-center w-full mb-4 md:hidden\" href=\"https:\/\/greenflyn.com\/es\/como-negociar-salario\/\"  data-analytics-label=\"ctaImage\" data-action=\"analytics#trackCTA\" aria-label=\"C\u00f3mo negociar salario y beneficios\">\n          <div class=\"m-auto float-none\">\n            <img decoding=\"async\" loading=\"lazy\" src=\"https:\/\/greenflyn.com\/wp-content\/uploads\/sites\/46\/2024\/08\/negociar-salario-capa.png\" alt=\"\">\n          <\/div>\n        <\/a>\n            <h2 class=\"w-full sm:text-3xl text-2xl text-gray-900 font-medium title-font mb-2 text-center md:text-left md:w-2\/5\">\n        <a href=\"https:\/\/greenflyn.com\/es\/como-negociar-salario\/\" data-analytics-label=\"ctaTitle\" data-action=\"analytics#trackCTA\" aria-label=\"C\u00f3mo negociar salario y beneficios\">\n            C\u00f3mo negociar salario y beneficios        <\/a>\n      <\/h2>\n      <div class=\"w-full md:w-3\/5 md:pl-6\">\n        <p class=\"text-center md:text-left leading-relaxed text-base\">\n            Descubra c\u00f3mo negociar salario y beneficios durante el proceso de contrataci\u00f3n con estrategias efectivas para asegurar una oferta justa y ventajosa.        <\/p>\n        <div class=\"flex mt-6 w-full flex-1 justify-center ml-auto md:mt-4 md:justify-start\" style=\"font-weight: bold;\">\n          <a class=\"inline-flex items-center\" href=\"https:\/\/greenflyn.com\/es\/como-negociar-salario\/\"  data-analytics-label=\"ctaButton\" data-action=\"analytics#trackCTA\" >\n            Continuar leyendo            <svg fill=\"none\" stroke=\"currentColor\" stroke-linecap=\"round\" stroke-linejoin=\"round\" stroke-width=\"2\" class=\"w-4 h-4 ml-2\" viewbox=\"0 0 24 24\">\n              <path d=\"M5 12h14M12 5l7 7-7 7\"><\/path>\n            <\/svg>\n          <\/a>\n        <\/div>\n      <\/div>  \n          \n    <\/div>\n      <script type=\"module\"> function waitFor(conditionFunction) { const poll = resolve => { if(conditionFunction()) resolve(); else setTimeout(_ => poll(resolve), 400); }; return new Promise(poll); } import { Application, Controller } from \"\/wp-content\/themes\/twentytwentyone\/assets\/js\/stimulus.min.js\"; let Stimulus = Application.start(); Stimulus.register(\"anchor\", class extends Controller { static get targets() { return [ \"lazyBlock\", \"lazyBlockAnchor\" ]; } initialize() { this.active = false; this.passed = false; this.closed = false; this.anchorViews = 0; this.boundOnShowAnchor = this.onShowAnchor.bind(this); window.anchorReady = window.anchorReady || false; waitFor(_ => (window.scrollY > this.getHeightBlock() && !this.active)) .then(_ => { !window.anchorReady? this.visible() : ''; window.anchorReady = true; }); if (document.getElementById('landing')) { setTimeout(() => { !window.anchorReady ? this.visible() : ''; window.anchorReady = true; }, 1 * 30000); }; } connect() { this.onShowAnchor(); document.addEventListener(\"scroll\", this.boundOnShowAnchor); } disconnect() { document.removeEventListener(\"scroll\", this.boundOnShowAnchor); } visible() { if (document.getElementById('av-offerwall__wrapper')) { setTimeout(() => this.visible(), 20000); return; } if (document.getElementById('av-fixed__bottomWrapper') && document.getElementById('av-fixed__bottomWrapper').style.display !== 'none' && document.getElementById('av-fixed__bottomWrapper').getBoundingClientRect().height > 100) { setTimeout(() => this.visible(), 1000); return; } if (document.getElementById('av-fixed__bottomWrapper') && document.getElementById('av-fixed__bottomWrapper').style.display !== 'none' && document.getElementById('av-fixed__bottomWrapper').getBoundingClientRect().height > 10) { this.getAnchorElement().style.marginBottom = '60px'; } if (document.querySelector('[data-anchor-shown=\"true\"]') && document.querySelector('[data-anchor-shown=\"true\"]').style.bottom === '0px') { setTimeout(() => this.visible(), 1000); return; } if (!window.km2AnchorReady) { this.active = true; \/*this.getAnchorElement().style.animation = \"none\"; this.getAnchorElement().classList.remove('animate-show-down');*\/ \/*this.getAnchorElement().classList.add('animate-show-up');*\/ \/*setTimeout(() => {*\/ \/*this.getAnchorElement().style.animation = \"\";*\/ this.getAnchorElement().classList.add('animate-show-up'); this.getAnchorElement().classList.remove('hidden'); this.setAnchorViews(this.anchorViews+1); setTimeout(() => this.closeAnchor(), 20000); waitFor(_ => (document.getElementById('av-fixed__bottomWrapper') && document.getElementById('av-fixed__bottomWrapper').style.display !== 'none' && document.getElementById('av-fixed__bottomWrapper').getBoundingClientRect().height > 10 && this.getAnchorElement().style.marginBottom !== '60px')) .then(_ => { this.closeAnchor(); }); this.active = false; \/*}, 10);*\/ } } invisible() { this.active = true; this.getAnchorElement().style.animation = \"none\"; this.getAnchorElement().classList.remove('animate-show-up'); this.getAnchorElement().classList.add('animate-show-down'); setTimeout(() => { this.getAnchorElement().style.animation = \"\"; setTimeout(() => { this.getAnchorElement().classList.add('hidden'); this.active = false; }, 800); }, 10); } onShowAnchor() { let anchorReady = false;  \/*if (!this.active && !anchorReady) { if (this.getAnchorViews() <= 3) { if (window.scrollY > this.getHeightBlock()) { if (!this.passed && !this.closed) { this.visible(); this.passed = true; } } else { if (this.passed) { this.invisible(); this.passed = false; } } } else { if (!this.getAnchorElement().classList.contains('close')) { this.getAnchorElement().classList.add('close'); if (window.scrollY < this.getHeightBlock()) { this.invisible(); } } } }*\/ } closeAnchor() { if (this.closed) return; this.invisible(); this.getAnchorElement().classList.add('close'); this.closed = true; } getAnchorElement() { return this.lazyBlockAnchorTargets[0]; } getAnchorViews() { this.anchorViews = parseInt(sessionStorage.getItem(\"anchorViews\")) >= 1 ? parseInt(sessionStorage.getItem(\"anchorViews\")) : 0; return this.anchorViews; } setAnchorViews(views) { sessionStorage.setItem(\"anchorViews\", views); } getHeightBlock() { return this.lazyBlockTarget.offsetTop + this.lazyBlockTarget.offsetHeight - 110; } }) <\/script>  <div data-anchor-target=\"lazyBlockAnchor\" class=\"fixed w-full sm:w-96 px-3 py-2 bottom-0 left-0 hidden\" style=\"z-index: 999999;\" name=\"lazyBlockAnchor\">\n    <div class=\"grid justify-items-stretch\">        \n              <div class=\"relative justify-self-end top-4 -right-2\">\n          <button data-no-translation class=\"bg-white text-md font-medium text-center rounded-full h-7 w-7 border-2\" data-analytics-label=\"anchorCloseAnchor\" data-action=\"anchor#closeAnchor\" style=\"z-index: 999999;\">\n            X\n          <\/button>\n        <\/div>\n        <div class=\"justify-self-auto flex flex-col h-32 bg-white border-solid border-2 shadow-md rounded-md\">\n          <div class=\"flex my-0 h-full\">\n            <div class=\"w-2\/5 p-1 ml-2 mt-2 w-full\">\n              <a href=\"https:\/\/greenflyn.com\/es\/como-negociar-salario\/\"  data-analytics-label=\"anchorImage\" data-action=\"analytics#trackCTA\">          \n                <img decoding=\"async\" loading=\"lazy\" alt=\"card\" class=\"w-full object-cover h-24 object-center rounded justify-self-auto border-2 border-gray-100\" src=\"https:\/\/greenflyn.com\/wp-content\/uploads\/sites\/46\/2024\/08\/negociar-salario-capa.png\">          \n              <\/a>\n            <\/div>\n            <div class=\"w-3\/5 my-2\">\n              <p class=\"px-4 text-center text-xs h-1\/2\">\n                C\u00f3mo negociar salario y beneficios              <\/p>\n              <a href=\"https:\/\/greenflyn.com\/es\/como-negociar-salario\/\"  data-analytics-label=\"anchorButton\" data-action=\"analytics#trackCTA\" >\n                <button class=\"flex w-5\/6 m-auto mt-2 border-0 py-1 px-3 focus:outline-none rounded\">                \n                  <p class=\"text-center w-full\" style=\"font-size: 0.67rem;\">\n                    Continuar leyendo                  <\/p>\n                <\/button>\n              <\/a>\n              <p class=\"text-gray-500 text-center mt-1\" style=\"font-size: 0.50rem;\">\n                Seguir\u00e1s en el mismo lugar              <\/p>\n            <\/div>\n          <\/div>\n        <\/div>\n          <\/div>\n  <\/div>\n  <\/section>\n\n<\/div>","protected":false},"excerpt":{"rendered":"<p>Esta gu\u00eda ofrece valiosos consejos para aprovechar al m\u00e1ximo el evento y aumentar sus posibilidades de \u00e9xito en su b\u00fasqueda de oportunidades.<\/p>","protected":false},"author":29,"featured_media":412,"comment_status":"open","ping_status":"open","sticky":false,"template":"","format":"standard","meta":{"footnotes":""},"categories":[81],"tags":[92,98,96,99,102],"yoast_head":"<!-- This site is optimized with the Yoast SEO plugin v23.3 - https:\/\/yoast.com\/wordpress\/plugins\/seo\/ -->\n<title>Como se destacar em uma feira de empregos: estrat\u00e9gias para aproveitar ao m\u00e1ximo - Green Flyn<\/title>\n<meta name=\"description\" content=\"Aprenda estrat\u00e9gias para se destacar em feiras de empregos e maximizar suas oportunidades com dicas pr\u00e1ticas e eficazes.\" \/>\n<meta name=\"robots\" content=\"index, follow, max-snippet:-1, max-image-preview:large, max-video-preview:-1\" \/>\n<link rel=\"canonical\" href=\"https:\/\/greenflyn.com\/es\/como-se-destacar-feira-de-empregos\/\" \/>\n<meta property=\"og:locale\" content=\"es_MX\" \/>\n<meta property=\"og:type\" content=\"article\" \/>\n<meta property=\"og:title\" content=\"Como se destacar em uma feira de empregos: estrat\u00e9gias para aproveitar ao m\u00e1ximo - Green Flyn\" \/>\n<meta property=\"og:description\" content=\"Aprenda estrat\u00e9gias para se destacar em feiras de empregos e maximizar suas oportunidades com dicas pr\u00e1ticas e eficazes.\" \/>\n<meta property=\"og:url\" content=\"https:\/\/greenflyn.com\/es\/como-se-destacar-feira-de-empregos\/\" \/>\n<meta property=\"og:site_name\" content=\"Green Flyn\" \/>\n<meta property=\"article:published_time\" content=\"2024-09-19T15:53:24+00:00\" \/>\n<meta property=\"article:modified_time\" content=\"2024-09-23T17:53:40+00:00\" \/>\n<meta property=\"og:image\" content=\"https:\/\/greenflyn.com\/wp-content\/uploads\/sites\/46\/2024\/09\/feira-de-empregos-capa.png\" \/>\n\t<meta property=\"og:image:width\" content=\"800\" \/>\n\t<meta property=\"og:image:height\" content=\"384\" \/>\n\t<meta property=\"og:image:type\" content=\"image\/png\" \/>\n<meta name=\"author\" content=\"Beatriz Vieira\" \/>\n<meta name=\"twitter:card\" content=\"summary_large_image\" \/>\n<meta name=\"twitter:label1\" content=\"Written by\" \/>\n\t<meta name=\"twitter:data1\" content=\"Beatriz Vieira\" \/>\n\t<meta name=\"twitter:label2\" content=\"Est. reading time\" \/>\n\t<meta name=\"twitter:data2\" content=\"7 minutos\" \/>\n<script type=\"application\/ld+json\" class=\"yoast-schema-graph\">{\"@context\":\"https:\/\/schema.org\",\"@graph\":[{\"@type\":\"WebPage\",\"@id\":\"https:\/\/greenflyn.com\/como-se-destacar-feira-de-empregos\/\",\"url\":\"https:\/\/greenflyn.com\/como-se-destacar-feira-de-empregos\/\",\"name\":\"Como se destacar em uma feira de empregos: estrat\u00e9gias para aproveitar ao m\u00e1ximo - Green Flyn\",\"isPartOf\":{\"@id\":\"https:\/\/greenflyn.com\/#website\"},\"primaryImageOfPage\":{\"@id\":\"https:\/\/greenflyn.com\/como-se-destacar-feira-de-empregos\/#primaryimage\"},\"image\":{\"@id\":\"https:\/\/greenflyn.com\/como-se-destacar-feira-de-empregos\/#primaryimage\"},\"thumbnailUrl\":\"https:\/\/greenflyn.com\/wp-content\/uploads\/sites\/46\/2024\/09\/feira-de-empregos-capa.png\",\"datePublished\":\"2024-09-19T15:53:24+00:00\",\"dateModified\":\"2024-09-23T17:53:40+00:00\",\"author\":{\"@id\":\"https:\/\/greenflyn.com\/#\/schema\/person\/03801f3ec4e5e90bc01969d5ebf55786\"},\"description\":\"Aprenda estrat\u00e9gias para se destacar em feiras de empregos e maximizar suas oportunidades com dicas pr\u00e1ticas e eficazes.\",\"breadcrumb\":{\"@id\":\"https:\/\/greenflyn.com\/como-se-destacar-feira-de-empregos\/#breadcrumb\"},\"inLanguage\":\"es-MX\",\"potentialAction\":[{\"@type\":\"ReadAction\",\"target\":[\"https:\/\/greenflyn.com\/como-se-destacar-feira-de-empregos\/\"]}]},{\"@type\":\"ImageObject\",\"inLanguage\":\"es-MX\",\"@id\":\"https:\/\/greenflyn.com\/como-se-destacar-feira-de-empregos\/#primaryimage\",\"url\":\"https:\/\/greenflyn.com\/wp-content\/uploads\/sites\/46\/2024\/09\/feira-de-empregos-capa.png\",\"contentUrl\":\"https:\/\/greenflyn.com\/wp-content\/uploads\/sites\/46\/2024\/09\/feira-de-empregos-capa.png\",\"width\":800,\"height\":384},{\"@type\":\"BreadcrumbList\",\"@id\":\"https:\/\/greenflyn.com\/como-se-destacar-feira-de-empregos\/#breadcrumb\",\"itemListElement\":[{\"@type\":\"ListItem\",\"position\":1,\"name\":\"Home\",\"item\":\"https:\/\/greenflyn.com\/\"},{\"@type\":\"ListItem\",\"position\":2,\"name\":\"Como se destacar em uma feira de empregos: estrat\u00e9gias para aproveitar ao m\u00e1ximo\"}]},{\"@type\":\"WebSite\",\"@id\":\"https:\/\/greenflyn.com\/#website\",\"url\":\"https:\/\/greenflyn.com\/\",\"name\":\"Green Flyn\",\"description\":\"\",\"potentialAction\":[{\"@type\":\"SearchAction\",\"target\":{\"@type\":\"EntryPoint\",\"urlTemplate\":\"https:\/\/greenflyn.com\/?s={search_term_string}\"},\"query-input\":\"required name=search_term_string\"}],\"inLanguage\":\"es-MX\"},{\"@type\":\"Person\",\"@id\":\"https:\/\/greenflyn.com\/#\/schema\/person\/03801f3ec4e5e90bc01969d5ebf55786\",\"name\":\"Beatriz Vieira\",\"image\":{\"@type\":\"ImageObject\",\"inLanguage\":\"es-MX\",\"@id\":\"https:\/\/greenflyn.com\/#\/schema\/person\/image\/\",\"url\":\"https:\/\/secure.gravatar.com\/avatar\/0c97417477d7e9ef0c4144b2ad0136fa?s=96&d=mm&r=g\",\"contentUrl\":\"https:\/\/secure.gravatar.com\/avatar\/0c97417477d7e9ef0c4144b2ad0136fa?s=96&d=mm&r=g\",\"caption\":\"Beatriz Vieira\"},\"description\":\"Beatriz Vieira joined the team in 2022 as a content writer and was soon promoted to content editor. Before that, she built her career as a TV producer and video editor. Today, she also works as a content manager at a digital marketing company in Brazil, focusing on social media strategies. With a degree in Journalism, Beatriz is passionate about honing her bilingual writing skills. Her favorite topics include culture, music, personal finance, and self-development.\",\"url\":\"https:\/\/greenflyn.com\/es\/author\/beatrizvieirasilva0504\/\"}]}<\/script>\n<!-- \/ Yoast SEO plugin. -->","yoast_head_json":{"title":"Como se destacar em uma feira de empregos: estrat\u00e9gias para aproveitar ao m\u00e1ximo - Green Flyn","description":"Aprenda estrat\u00e9gias para se destacar em feiras de empregos e maximizar suas oportunidades com dicas pr\u00e1ticas e eficazes.","robots":{"index":"index","follow":"follow","max-snippet":"max-snippet:-1","max-image-preview":"max-image-preview:large","max-video-preview":"max-video-preview:-1"},"canonical":"https:\/\/greenflyn.com\/es\/como-se-destacar-feira-de-empregos\/","og_locale":"es_MX","og_type":"article","og_title":"Como se destacar em uma feira de empregos: estrat\u00e9gias para aproveitar ao m\u00e1ximo - Green Flyn","og_description":"Aprenda estrat\u00e9gias para se destacar em feiras de empregos e maximizar suas oportunidades com dicas pr\u00e1ticas e eficazes.","og_url":"https:\/\/greenflyn.com\/es\/como-se-destacar-feira-de-empregos\/","og_site_name":"Green Flyn","article_published_time":"2024-09-19T15:53:24+00:00","article_modified_time":"2024-09-23T17:53:40+00:00","og_image":[{"width":800,"height":384,"url":"https:\/\/greenflyn.com\/wp-content\/uploads\/sites\/46\/2024\/09\/feira-de-empregos-capa.png","type":"image\/png"}],"author":"Beatriz Vieira","twitter_card":"summary_large_image","twitter_misc":{"Written by":"Beatriz Vieira","Est. reading time":"7 minutos"},"schema":{"@context":"https:\/\/schema.org","@graph":[{"@type":"WebPage","@id":"https:\/\/greenflyn.com\/como-se-destacar-feira-de-empregos\/","url":"https:\/\/greenflyn.com\/como-se-destacar-feira-de-empregos\/","name":"Como se destacar em uma feira de empregos: estrat\u00e9gias para aproveitar ao m\u00e1ximo - Green Flyn","isPartOf":{"@id":"https:\/\/greenflyn.com\/#website"},"primaryImageOfPage":{"@id":"https:\/\/greenflyn.com\/como-se-destacar-feira-de-empregos\/#primaryimage"},"image":{"@id":"https:\/\/greenflyn.com\/como-se-destacar-feira-de-empregos\/#primaryimage"},"thumbnailUrl":"https:\/\/greenflyn.com\/wp-content\/uploads\/sites\/46\/2024\/09\/feira-de-empregos-capa.png","datePublished":"2024-09-19T15:53:24+00:00","dateModified":"2024-09-23T17:53:40+00:00","author":{"@id":"https:\/\/greenflyn.com\/#\/schema\/person\/03801f3ec4e5e90bc01969d5ebf55786"},"description":"Aprenda estrat\u00e9gias para se destacar em feiras de empregos e maximizar suas oportunidades com dicas pr\u00e1ticas e eficazes.","breadcrumb":{"@id":"https:\/\/greenflyn.com\/como-se-destacar-feira-de-empregos\/#breadcrumb"},"inLanguage":"es-MX","potentialAction":[{"@type":"ReadAction","target":["https:\/\/greenflyn.com\/como-se-destacar-feira-de-empregos\/"]}]},{"@type":"ImageObject","inLanguage":"es-MX","@id":"https:\/\/greenflyn.com\/como-se-destacar-feira-de-empregos\/#primaryimage","url":"https:\/\/greenflyn.com\/wp-content\/uploads\/sites\/46\/2024\/09\/feira-de-empregos-capa.png","contentUrl":"https:\/\/greenflyn.com\/wp-content\/uploads\/sites\/46\/2024\/09\/feira-de-empregos-capa.png","width":800,"height":384},{"@type":"BreadcrumbList","@id":"https:\/\/greenflyn.com\/como-se-destacar-feira-de-empregos\/#breadcrumb","itemListElement":[{"@type":"ListItem","position":1,"name":"Home","item":"https:\/\/greenflyn.com\/"},{"@type":"ListItem","position":2,"name":"Como se destacar em uma feira de empregos: estrat\u00e9gias para aproveitar ao m\u00e1ximo"}]},{"@type":"WebSite","@id":"https:\/\/greenflyn.com\/#website","url":"https:\/\/greenflyn.com\/","name":"Green Flyn","description":"","potentialAction":[{"@type":"SearchAction","target":{"@type":"EntryPoint","urlTemplate":"https:\/\/greenflyn.com\/?s={search_term_string}"},"query-input":"required name=search_term_string"}],"inLanguage":"es-MX"},{"@type":"Person","@id":"https:\/\/greenflyn.com\/#\/schema\/person\/03801f3ec4e5e90bc01969d5ebf55786","name":"Beatriz Vieira","image":{"@type":"ImageObject","inLanguage":"es-MX","@id":"https:\/\/greenflyn.com\/#\/schema\/person\/image\/","url":"https:\/\/secure.gravatar.com\/avatar\/0c97417477d7e9ef0c4144b2ad0136fa?s=96&d=mm&r=g","contentUrl":"https:\/\/secure.gravatar.com\/avatar\/0c97417477d7e9ef0c4144b2ad0136fa?s=96&d=mm&r=g","caption":"Beatriz Vieira"},"description":"Beatriz Vieira joined the team in 2022 as a content writer and was soon promoted to content editor. Before that, she built her career as a TV producer and video editor. Today, she also works as a content manager at a digital marketing company in Brazil, focusing on social media strategies. With a degree in Journalism, Beatriz is passionate about honing her bilingual writing skills. Her favorite topics include culture, music, personal finance, and self-development.","url":"https:\/\/greenflyn.com\/es\/author\/beatrizvieirasilva0504\/"}]}},"_links":{"self":[{"href":"https:\/\/greenflyn.com\/es\/wp-json\/wp\/v2\/posts\/349"}],"collection":[{"href":"https:\/\/greenflyn.com\/es\/wp-json\/wp\/v2\/posts"}],"about":[{"href":"https:\/\/greenflyn.com\/es\/wp-json\/wp\/v2\/types\/post"}],"author":[{"embeddable":true,"href":"https:\/\/greenflyn.com\/es\/wp-json\/wp\/v2\/users\/29"}],"replies":[{"embeddable":true,"href":"https:\/\/greenflyn.com\/es\/wp-json\/wp\/v2\/comments?post=349"}],"version-history":[{"count":5,"href":"https:\/\/greenflyn.com\/es\/wp-json\/wp\/v2\/posts\/349\/revisions"}],"predecessor-version":[{"id":413,"href":"https:\/\/greenflyn.com\/es\/wp-json\/wp\/v2\/posts\/349\/revisions\/413"}],"wp:featuredmedia":[{"embeddable":true,"href":"https:\/\/greenflyn.com\/es\/wp-json\/wp\/v2\/media\/412"}],"wp:attachment":[{"href":"https:\/\/greenflyn.com\/es\/wp-json\/wp\/v2\/media?parent=349"}],"wp:term":[{"taxonomy":"category","embeddable":true,"href":"https:\/\/greenflyn.com\/es\/wp-json\/wp\/v2\/categories?post=349"},{"taxonomy":"post_tag","embeddable":true,"href":"https:\/\/greenflyn.com\/es\/wp-json\/wp\/v2\/tags?post=349"}],"curies":[{"name":"wp","href":"https:\/\/api.w.org\/{rel}","templated":true}]}}